{"id":12314,"date":"2023-02-15T13:10:09","date_gmt":"2023-02-15T13:10:09","guid":{"rendered":"https:\/\/www.soyinquieto.com\/maxima-capacidad-en-minimas-dimensiones-el-vehiculo-que-transforma-la-logistica\/"},"modified":"2023-05-30T08:01:47","modified_gmt":"2023-05-30T08:01:47","slug":"maxima-capacidad-en-minimas-dimensiones-el-vehiculo-que-transforma-la-logistica","status":"publish","type":"post","link":"https:\/\/www.soyinquieto.com\/pt\/blog\/maxima-capacidad-en-minimas-dimensiones-el-vehiculo-que-transforma-la-logistica\/","title":{"rendered":"M\u00e1xima capacidade em dimens\u00f5es reduzidas: o ve\u00edculo que transforma a log\u00edstica"},"content":{"rendered":"\r\n<p>A mobilidade nas cidades tornou-se uma verdadeira dor de cabe\u00e7a para muitos. Especialmente para as empresas que precisam de levar os seus produtos de forma r\u00e1pida e eficiente aos seus clientes. A polui\u00e7\u00e3o, o congestionamento de tr\u00e2nsito, as restri\u00e7\u00f5es de circula\u00e7\u00e3o em zonas centrais das cidades, o aumento de ruas pedonais ou a prioriza\u00e7\u00e3o de ve\u00edculos alternativos como as bicicletas s\u00e3o apenas alguns exemplos dos <strong>desafios que a \u00faltima milha tem de enfrentar no ambiente urbano<\/strong>.<\/p>\r\n\r\n\r\n\r\n<p>Assim, ter uma <strong>frota de ve\u00edculos sustent\u00e1vel<\/strong> \u00e9 essencial para o servi\u00e7o de \u00faltima milha log\u00edstica de qualquer empresa que deseje fazer entregas em grandes cidades. Mas isso n\u00e3o basta. H\u00e1 outro fator que afeta os ve\u00edculos utilizados para prestar o referido servi\u00e7o e que faz a diferen\u00e7a na efici\u00eancia de qualquer rota urbana: a <strong>manobrabilidade<\/strong>. Os ve\u00edculos utilizados para a entrega de produtos nas cidades devem ser capazes de circular em espa\u00e7os reduzidos, manobrar em ruas estreitas e realizar entregas em locais de dif\u00edcil acesso. Para este fim, \u00e9 imperativo que os ve\u00edculos sejam selecionados tendo em conta a <strong>manobrabilidade e a facilidade de utiliza\u00e7\u00e3o em ambientes urbanos<\/strong>.<\/p>\r\n\r\n\r\n\r\n<h2 class=\"wp-block-heading\"><strong>Quadriciclo el\u00e9trico PAXSTER CARGO<\/strong><\/h2>\r\n\r\n\r\n\r\n<p>Na Inquieto contamos com o ve\u00edculo ideal para a \u00faltima milha log\u00edstica nas cidades: o <a href=\"\/pt\/nosa-frota\/paxter-cargo\/\"><strong>quadriciclo el\u00e9trico PAXSTER CARGO<\/strong><\/a>. Este quadriciclo \u00e9 a solu\u00e7\u00e3o para todos os problemas de mobilidade que qualquer empresa encontra no dia a dia do seu servi\u00e7o de entrega urbano. \u00c9 um ve\u00edculo que funciona como uma moto el\u00e9trica, mas que oferece um desempenho semelhante ao de uma furgoneta pequena. Al\u00e9m disso, pode ser conduzido por qualquer pessoa com licen\u00e7a AM (B).<\/p>\r\n\r\n\r\n\r\n<p>O PAXSTER CARGO possui <strong>dimens\u00f5es muito reduzidas sem renunciar a uma grande capacidade de carga<\/strong>. Caracter\u00edsticas que o tornam ideal para a entrega na cidade. O quadriciclo destaca-se pela sua <strong>ergonomia, agilidade e manobrabilidade em \u00e1reas urbanas<\/strong>, tornando-o um ve\u00edculo altamente produtivo e rent\u00e1vel para a entrega, assim como para os servi\u00e7os de manuten\u00e7\u00e3o e assist\u00eancia t\u00e9cnica. Oferece tamb\u00e9m uma estabilidade excecional gra\u00e7as \u00e0s suas quatro rodas.<\/p>\r\n\r\n\r\n\r\n<p>O seu peso reduzido e a sua conce\u00e7\u00e3o orientada para otimiza\u00e7\u00e3o do servi\u00e7o de \u00faltima milha de qualquer neg\u00f3cio fazem dele o ve\u00edculo perfeito para conduzir em ambientes urbanos. Al\u00e9m disso, \u00e9 um <strong>ve\u00edculo completamente sustent\u00e1vel <\/strong>e amigo do ambiente que ir\u00e1 maximizar a efici\u00eancia de qualquer percurso sem prejudicar o ambiente, oferecendo ao mesmo tempo o maior conforto e seguran\u00e7a ao condutor. Com o PAXSTER CARGO \u00e9 poss\u00edvel <strong>aceder a qualquer espa\u00e7o do ambiente urbano<\/strong>, por muito estreito que seja. E assim chegar rapidamente a todos os clientes e garantir a seguran\u00e7a dos produtos transportados.<\/p>\r\n\r\n\r\n\r\n<ul class=\"wp-block-list\">\r\n<li><strong>Caracter\u00edsticas e aplica\u00e7\u00f5es<\/strong><\/li>\r\n<\/ul>\r\n\r\n\r\n\r\n<p>Disp\u00f5e de um espa\u00e7o de carga total de <strong>1.000 litros de capacidade, podendo transportar at\u00e9 250 kg<\/strong>. As dimens\u00f5es internas da sua caixa s\u00e3o 1100 x 630 x 1140 mm, tem compartimentos dianteiros e laterais extras e a sua estrutura \u00e9 configur\u00e1vel, com a abertura da porta na parte de tr\u00e1s. Desta forma, permite o transporte de numerosos produtos de volumes e pesos vari\u00e1veis. Est\u00e1 tamb\u00e9m dispon\u00edvel uma vers\u00e3o isot\u00e9rmica.<\/p>\r\n\r\n\r\n\r\n<p>Inclui uma bateria de 9,2 kWh que lhe d\u00e1 uma <strong>autonomia de 120 km<\/strong> e pode ser totalmente carregada em 9 horas numa tomada normal ou Schuko. O seu motor el\u00e9trico de 4,7 kW fabricado pela Motoenergy permite-lhe atingir uma <strong>velocidade m\u00e1xima de 45 km\/h e um declive ultrapass\u00e1vel de 18%<\/strong>. Inclui tamb\u00e9m um sistema de travagem regenerativa, c\u00e2mara de vis\u00e3o traseira, alarme de marcha-atr\u00e1s, igni\u00e7\u00e3o remota e muito mais.<\/p>\r\n\r\n\r\n\r\n<p>O PAXSTER CARGO \u00e9 um ve\u00edculo particularmente interessante para a log\u00edstica nos setores do food delivery, encomendas, industrial, p\u00fablico, supermercados e farmac\u00eautico. <strong>Pode dar solu\u00e7\u00f5es para uma multiplicidade de setores<\/strong>: desde o transporte interno entre administra\u00e7\u00f5es ou entre f\u00e1bricas, at\u00e9 ao servi\u00e7o delivery de qualquer empresa, garantindo a m\u00e1xima qualidade dos seus produtos. Assim como servi\u00e7os de manuten\u00e7\u00e3o e assist\u00eancia t\u00e9cnica. Em qualquer caso, o PAXSTER CARGO oferece um servi\u00e7o de entrega r\u00e1pido e produtivo, permitindo o transporte de todo o tipo de artigos.<\/p>\r\n\r\n\r\n\r\n<ul class=\"wp-block-list\">\r\n<li><strong>Compara\u00e7\u00e3o com outro tipo de ve\u00edculos<\/strong><\/li>\r\n<\/ul>\r\n\r\n\r\n\r\n<p>O quadriciclo el\u00e9trico da Inquieto \u00e9 uma alternativa inovadora aos ve\u00edculos de maiores dimens\u00f5es com capacidade de carga semelhante. Oferece o <strong>melhor dos ve\u00edculos \u00e1geis e manobr\u00e1veis, juntamente com o melhor dos ve\u00edculos com grande capacidade de carga<\/strong>. Assim, o servi\u00e7o de \u00faltima milha log\u00edstica de qualquer empresa pode beneficiar dos aspetos mais positivos da utiliza\u00e7\u00e3o de motos el\u00e9tricas de entrega e tamb\u00e9m dos aspetos mais positivos das furgonetas pequenas.<\/p>\r\n\r\n\r\n\r\n<ul class=\"wp-block-list\">\r\n<li><strong>Exemplo pr\u00e1tico de utiliza\u00e7\u00e3o do quadriciclo<\/strong><\/li>\r\n<\/ul>\r\n\r\n\r\n\r\n<p>Tem um neg\u00f3cio de hotelaria e precisa de chegar rapidamente aos seus clientes numa cidade congestionada como Madrid ou Barcelona? O PAXSTER CARGO<\/p>\r\n\r\n\r\n\r\n<figure class=\"wp-block-gallery aligncenter has-nested-images columns-default is-cropped wp-block-gallery-1 is-layout-flex wp-block-gallery-is-layout-flex\">\r\n<figure class=\"wp-block-image aligncenter size-full\"><img fetchpriority=\"high\" decoding=\"async\" width=\"500\" height=\"300\" data-id=\"12294\" class=\"wp-image-12294\" src=\"https:\/\/www.soyinquieto.com\/wp-content\/uploads\/2023\/04\/paxter-cargo-1.png\" alt=\"- -\" title=\"- -\" srcset=\"https:\/\/www.soyinquieto.com\/wp-content\/uploads\/2023\/04\/paxter-cargo-1.png 500w, https:\/\/www.soyinquieto.com\/wp-content\/uploads\/2023\/04\/paxter-cargo-1-400x240.png 400w, https:\/\/www.soyinquieto.com\/wp-content\/uploads\/2023\/04\/paxter-cargo-1-300x180.png 300w\" sizes=\"(max-width: 500px) 100vw, 500px\" \/><\/figure>\r\n<\/figure>\r\n\r\n\r\n\r\n<figure class=\"wp-block-gallery aligncenter has-nested-images columns-default is-cropped wp-block-gallery-2 is-layout-flex wp-block-gallery-is-layout-flex\">\r\n<figure class=\"wp-block-image aligncenter size-full\"><img decoding=\"async\" width=\"500\" height=\"300\" data-id=\"12297\" class=\"wp-image-12297\" src=\"https:\/\/www.soyinquieto.com\/wp-content\/uploads\/2023\/04\/paxter-cargo-2.png\" alt=\"- -\" title=\"- -\" srcset=\"https:\/\/www.soyinquieto.com\/wp-content\/uploads\/2023\/04\/paxter-cargo-2.png 500w, https:\/\/www.soyinquieto.com\/wp-content\/uploads\/2023\/04\/paxter-cargo-2-400x240.png 400w, https:\/\/www.soyinquieto.com\/wp-content\/uploads\/2023\/04\/paxter-cargo-2-300x180.png 300w\" sizes=\"(max-width: 500px) 100vw, 500px\" \/><\/figure>\r\n<\/figure>\r\n\r\n\r\n\r\n<figure class=\"wp-block-gallery aligncenter has-nested-images columns-default is-cropped wp-block-gallery-3 is-layout-flex wp-block-gallery-is-layout-flex\">\r\n<figure class=\"wp-block-image aligncenter size-full\"><img decoding=\"async\" width=\"500\" height=\"300\" data-id=\"12300\" class=\"wp-image-12300\" src=\"https:\/\/www.soyinquieto.com\/wp-content\/uploads\/2023\/04\/paxter-cargo-3.png\" alt=\"- -\" title=\"- -\" srcset=\"https:\/\/www.soyinquieto.com\/wp-content\/uploads\/2023\/04\/paxter-cargo-3.png 500w, https:\/\/www.soyinquieto.com\/wp-content\/uploads\/2023\/04\/paxter-cargo-3-400x240.png 400w, https:\/\/www.soyinquieto.com\/wp-content\/uploads\/2023\/04\/paxter-cargo-3-300x180.png 300w\" sizes=\"(max-width: 500px) 100vw, 500px\" \/><\/figure>\r\n<\/figure>\r\n\r\n\r\n\r\n<figure class=\"wp-block-gallery aligncenter has-nested-images columns-default is-cropped wp-block-gallery-4 is-layout-flex wp-block-gallery-is-layout-flex\">\r\n<figure class=\"wp-block-image aligncenter size-full\"><img loading=\"lazy\" decoding=\"async\" width=\"500\" height=\"300\" data-id=\"12303\" class=\"wp-image-12303\" src=\"https:\/\/www.soyinquieto.com\/wp-content\/uploads\/2023\/04\/paxter-cargo-4.png\" alt=\"- -\" title=\"- -\" srcset=\"https:\/\/www.soyinquieto.com\/wp-content\/uploads\/2023\/04\/paxter-cargo-4.png 500w, https:\/\/www.soyinquieto.com\/wp-content\/uploads\/2023\/04\/paxter-cargo-4-400x240.png 400w, https:\/\/www.soyinquieto.com\/wp-content\/uploads\/2023\/04\/paxter-cargo-4-300x180.png 300w\" sizes=\"(max-width: 500px) 100vw, 500px\" \/><\/figure>\r\n<\/figure>\r\n","protected":false},"excerpt":{"rendered":"<p>A mobilidade nas cidades tornou-se uma verdadeira dor de cabe\u00e7a para muitos. Especialmente para as empresas que precisam de levar os seus produtos de forma r\u00e1pida e eficiente aos seus clientes. A polui\u00e7\u00e3o, o congestionamento de tr\u00e2nsito, as restri\u00e7\u00f5es de circula\u00e7\u00e3o em zonas centrais das cidades, o aumento de ruas pedonais ou a prioriza\u00e7\u00e3o de [&hellip;]<\/p>\n","protected":false},"author":1,"featured_media":12312,"comment_status":"closed","ping_status":"closed","sticky":false,"template":"","format":"standard","meta":{"_acf_changed":false,"inline_featured_image":false,"_joinchat":[],"footnotes":""},"categories":[528],"tags":[538,539,540,541,543,544],"class_list":["post-12314","post","type-post","status-publish","format-standard","has-post-thumbnail","hentry","category-logistica-de-ultima-milha","tag-cero-emisiones-pt-2","tag-electrica-en-pt","tag-inquieto-pt-2","tag-logistica-pt-2","tag-movilidad-en-pt","tag-ultima-milla-pt-2"],"acf":[],"_links":{"self":[{"href":"https:\/\/www.soyinquieto.com\/pt\/wp-json\/wp\/v2\/posts\/12314","targetHints":{"allow":["GET"]}}],"collection":[{"href":"https:\/\/www.soyinquieto.com\/pt\/wp-json\/wp\/v2\/posts"}],"about":[{"href":"https:\/\/www.soyinquieto.com\/pt\/wp-json\/wp\/v2\/types\/post"}],"author":[{"embeddable":true,"href":"https:\/\/www.soyinquieto.com\/pt\/wp-json\/wp\/v2\/users\/1"}],"replies":[{"embeddable":true,"href":"https:\/\/www.soyinquieto.com\/pt\/wp-json\/wp\/v2\/comments?post=12314"}],"version-history":[{"count":0,"href":"https:\/\/www.soyinquieto.com\/pt\/wp-json\/wp\/v2\/posts\/12314\/revisions"}],"wp:featuredmedia":[{"embeddable":true,"href":"https:\/\/www.soyinquieto.com\/pt\/wp-json\/wp\/v2\/media\/12312"}],"wp:attachment":[{"href":"https:\/\/www.soyinquieto.com\/pt\/wp-json\/wp\/v2\/media?parent=12314"}],"wp:term":[{"taxonomy":"category","embeddable":true,"href":"https:\/\/www.soyinquieto.com\/pt\/wp-json\/wp\/v2\/categories?post=12314"},{"taxonomy":"post_tag","embeddable":true,"href":"https:\/\/www.soyinquieto.com\/pt\/wp-json\/wp\/v2\/tags?post=12314"}],"curies":[{"name":"wp","href":"https:\/\/api.w.org\/{rel}","templated":true}]}}