{"id":15167,"date":"2023-07-12T07:20:33","date_gmt":"2023-07-12T07:20:33","guid":{"rendered":"https:\/\/www.soyinquieto.com\/?p=15167"},"modified":"2023-08-08T06:52:48","modified_gmt":"2023-08-08T06:52:48","slug":"como-proteger-a-bateria-do-meu-veiculo-eletrico-no-verao","status":"publish","type":"post","link":"https:\/\/www.soyinquieto.com\/pt\/blog\/como-proteger-a-bateria-do-meu-veiculo-eletrico-no-verao\/","title":{"rendered":"Como proteger a bateria do meu ve\u00edculo el\u00e9trico no ver\u00e3o?"},"content":{"rendered":"<p><span style=\"font-weight: 400;\">Sabia que as baterias dos ve\u00edculos el\u00e9tricos reagem de forma diferente consoante estejamos numa esta\u00e7\u00e3o quente ou fria? As temperaturas extremas s\u00e3o a criptonite das baterias el\u00e9tricas e, tendo em conta a \u00e9poca do ano, \u00e9 bom saber <\/span><b>o que as nossas baterias enfrentam quando lutam contra as altas temperaturas<\/b><span style=\"font-weight: 400;\">. No ver\u00e3o, \u00e9 muito comum que o calor desgaste os componentes eletr\u00f3nicos das baterias, reduzindo o seu desempenho e at\u00e9 a sua vida \u00fatil.<\/span><\/p>\n<p><span style=\"font-weight: 400;\">As baterias, como um dos componentes mais importantes neste tipo de ve\u00edculos sustent\u00e1veis, devem ser objeto de<\/span><b> cuidados especiais e meticulosos nesta \u00e9poca do ano<\/b><span style=\"font-weight: 400;\"> para evitar imprevistos, avarias ou gastos desnecess\u00e1rios. Neste post, gostar\u00edamos de lhe dar alguns conselhos simples para garantir que as baterias dos seus ve\u00edculos comerciais de \u00faltima milha n\u00e3o sofram durante as rotas de entrega deste ver\u00e3o t\u00e3o excecionalmente quente.<\/span><\/p>\n<p><img fetchpriority=\"high\" decoding=\"async\" class=\"aligncenter wp-image-15148 size-large\" src=\"https:\/\/www.soyinquieto.com\/wp-content\/uploads\/2023\/08\/primer-plano-termometro-que-muestra-temperatura-alta-1024x683.jpg\" alt=\"Temperatura veh\u00edculo\" width=\"1024\" height=\"683\" title=\"- -\" srcset=\"https:\/\/www.soyinquieto.com\/wp-content\/uploads\/2023\/08\/primer-plano-termometro-que-muestra-temperatura-alta-1024x683.jpg 1024w, https:\/\/www.soyinquieto.com\/wp-content\/uploads\/2023\/08\/primer-plano-termometro-que-muestra-temperatura-alta-scaled-400x267.jpg 400w, https:\/\/www.soyinquieto.com\/wp-content\/uploads\/2023\/08\/primer-plano-termometro-que-muestra-temperatura-alta-300x200.jpg 300w, https:\/\/www.soyinquieto.com\/wp-content\/uploads\/2023\/08\/primer-plano-termometro-que-muestra-temperatura-alta-768x512.jpg 768w, https:\/\/www.soyinquieto.com\/wp-content\/uploads\/2023\/08\/primer-plano-termometro-que-muestra-temperatura-alta-1536x1024.jpg 1536w, https:\/\/www.soyinquieto.com\/wp-content\/uploads\/2023\/08\/primer-plano-termometro-que-muestra-temperatura-alta-2048x1365.jpg 2048w\" sizes=\"(max-width: 1024px) 100vw, 1024px\" \/><\/p>\n<h2><b>Como as temperaturas elevadas afetam as baterias?<\/b><\/h2>\n<p><span style=\"font-weight: 400;\">Antes de entrarmos nos conselhos, \u00e9 importante conhecer os <\/span><b>riscos das temperaturas extremamente altas para uma bateria de ve\u00edculo el\u00e9trico<\/b><span style=\"font-weight: 400;\">. Deste modo, mais aten\u00e7\u00e3o ser\u00e1 dada \u00e0 preven\u00e7\u00e3o e manuten\u00e7\u00e3o das mesmas! Como mencion\u00e1mos anteriormente, quando a temperatura de uma bateria \u00e9 superior a 45 \u00b0C, notar\u00e1 que os seus componentes eletr\u00f3nicos se desgastam muito mais rapidamente, fazendo com que o desempenho da carga diminua significativamente.<\/span><\/p>\n<p><span style=\"font-weight: 400;\">\u00c9 tamb\u00e9m de salientar que o calor n\u00e3o afeta apenas a bateria do pr\u00f3prio ve\u00edculo, mas tamb\u00e9m as <\/span><b>esta\u00e7\u00f5es de carregamento exteriores<\/b><span style=\"font-weight: 400;\">. No entanto, a maioria dos ve\u00edculos el\u00e9tricos atuais incorpora um sistema que faz com que a intensidade e a velocidade do carregamento sejam reduzidas se houver perigo de sobreaquecimento. Mas, por outro lado, isso<\/span><b> aumenta o tempo de carregamento<\/b><span style=\"font-weight: 400;\"> e causa problemas na obten\u00e7\u00e3o da autonomia necess\u00e1ria para efetuar a viagem ou o percurso de entrega desejado.<\/span><\/p>\n<p><span style=\"font-weight: 400;\">Assim, durante o ver\u00e3o, \u00e9 necess\u00e1rio estar atento \u00e0 temperatura da bateria dos nossos ve\u00edculos el\u00e9tricos. As baterias el\u00e9tricas, geralmente feitas de i\u00f5es de l\u00edtio, n\u00e3o costumam lidar bem com temperaturas superiores a 20 \u00baC.<\/span><\/p>\n<h2><b>Procurar uma condu\u00e7\u00e3o suave e eficiente<\/b><\/h2>\n<ul>\n<li style=\"font-weight: 400;\" aria-level=\"1\"><b>Evitar acelera\u00e7\u00f5es e travagens bruscas<\/b><span style=\"font-weight: 400;\"> sempre que poss\u00edvel.<\/span><\/li>\n<li style=\"font-weight: 400;\" aria-level=\"1\"><span style=\"font-weight: 400;\">Nas autoestradas ou vias r\u00e1pidas mantenha uma <\/span><b>velocidade constante.<\/b><\/li>\n<li style=\"font-weight: 400;\" aria-level=\"1\"><b>Desligar o sistema de travagem regenerativo<\/b><span style=\"font-weight: 400;\"> do ve\u00edculo nas autoestradas ou vias r\u00e1pidas. Este sistema, embora seja \u00fatil na cidade para recuperar energia, nas estradas mais r\u00e1pidas obriga-o a carregar mais no pedal para manter o ritmo. Isto n\u00e3o \u00e9 compat\u00edvel com o ideal de manter uma velocidade constante quando nos encontramos a altas temperaturas.<\/span><\/li>\n<li style=\"font-weight: 400;\" aria-level=\"1\"><b>Moderar a velocidade. <\/b><span style=\"font-weight: 400;\">A bateria do seu ve\u00edculo esgota-se mais rapidamente se conduzir a grandes velocidades. Ainda mais quando estiver muito calor no exterior.<\/span><\/li>\n<\/ul>\n<h2><b>Utilizar o ar condicionado de forma respons\u00e1vel<\/b><\/h2>\n<ul>\n<li style=\"font-weight: 400;\" aria-level=\"1\"><span style=\"font-weight: 400;\">O ar condicionado afeta diretamente a autonomia de um ve\u00edculo el\u00e9trico. A bomba de calor que mant\u00e9m o sistema <\/span><b>requer<\/b> <b>muita energia<\/b><span style=\"font-weight: 400;\"> e o risco de sobreaquecimento da bateria \u00e9 real (ainda mais em viagens longas e quentes). N\u00e3o queremos que os componentes da bateria sofram danos ou fissuras que possam comprometer o seu funcionamento ou a sua seguran\u00e7a.<\/span><\/li>\n<li style=\"font-weight: 400;\" aria-level=\"1\"><span style=\"font-weight: 400;\">Recomenda\u00e7\u00e3o: <\/span><b>climatizar o interior do ve\u00edculo e arrefecer a bateria antes de iniciar qualquer viagem<\/b><span style=\"font-weight: 400;\">. E melhor ainda! Fa\u00e7a-o quando o ve\u00edculo estiver a carregar, assim utilizar\u00e1 energia direta para isso em vez de utilizar a bateria.<\/span><\/li>\n<\/ul>\n<h2><b>Carregar a bateria durante a noite<\/b><\/h2>\n<ul>\n<li style=\"font-weight: 400;\" aria-level=\"1\"><span style=\"font-weight: 400;\">Durante o processo de carregamento, a bateria tem tend\u00eancia a aumentar de temperatura. Por isso, \u00e9 melhor <\/span><b>evitar as horas de maior calor<\/b><span style=\"font-weight: 400;\"> para este processo. A noite e as suas temperaturas mais frescas s\u00e3o ideais para que o ve\u00edculo n\u00e3o sofra. E se tiver de carregar a bateria durante o dia obrigatoriamente? Tamb\u00e9m h\u00e1 uma solu\u00e7\u00e3o para este caso: utilizar esta\u00e7\u00f5es de carregamento em parques de estacionamento subterr\u00e2neos, cobertos ou \u00e0 sombra.<\/span><\/li>\n<\/ul>\n<h2><b>Tentar estacionar \u00e0 sombra<\/b><\/h2>\n<ul>\n<li style=\"font-weight: 400;\" aria-level=\"1\"><span style=\"font-weight: 400;\">Mantenha a bateria do seu ve\u00edculo el\u00e9trico<\/span><b> longe da luz solar direta<\/b><span style=\"font-weight: 400;\"> quando estacionar: sabemos o calor que pode fazer dentro de um ve\u00edculo exposto ao sol durante muito tempo (ou pouco, dependendo do calor). Estacionar \u00e0 sombra manter\u00e1 a temperatura mais est\u00e1vel e o <\/span><b>ar condicionado necessitar\u00e1 de menos energia<\/b><span style=\"font-weight: 400;\"> quando voltar a utilizar o ve\u00edculo.<\/span><\/li>\n<\/ul>\n<p><span style=\"font-weight: 400;\">Cuide dos seus ve\u00edculos el\u00e9tricos e das suas baterias durante estes dias quentes para desfrutar de um longo per\u00edodo de funcionamento perfeito, tal como no primeiro dia.<\/span><\/p>\n","protected":false},"excerpt":{"rendered":"<p>Sabia que as baterias dos ve\u00edculos el\u00e9tricos reagem de forma diferente consoante estejamos numa esta\u00e7\u00e3o quente ou fria? As temperaturas extremas s\u00e3o a criptonite das baterias el\u00e9tricas e, tendo em conta a \u00e9poca do ano, \u00e9 bom saber o que as nossas baterias enfrentam quando lutam contra as altas temperaturas. No ver\u00e3o, \u00e9 muito comum [&hellip;]<\/p>\n","protected":false},"author":1,"featured_media":15151,"comment_status":"open","ping_status":"open","sticky":false,"template":"","format":"standard","meta":{"_acf_changed":false,"inline_featured_image":false,"_joinchat":[],"footnotes":""},"categories":[530],"tags":[540,544,599],"class_list":["post-15167","post","type-post","status-publish","format-standard","has-post-thumbnail","hentry","category-tecnologia-pt","tag-inquieto-pt-2","tag-ultima-milla-pt-2","tag-vehiculos-electricos-pt"],"acf":[],"_links":{"self":[{"href":"https:\/\/www.soyinquieto.com\/pt\/wp-json\/wp\/v2\/posts\/15167","targetHints":{"allow":["GET"]}}],"collection":[{"href":"https:\/\/www.soyinquieto.com\/pt\/wp-json\/wp\/v2\/posts"}],"about":[{"href":"https:\/\/www.soyinquieto.com\/pt\/wp-json\/wp\/v2\/types\/post"}],"author":[{"embeddable":true,"href":"https:\/\/www.soyinquieto.com\/pt\/wp-json\/wp\/v2\/users\/1"}],"replies":[{"embeddable":true,"href":"https:\/\/www.soyinquieto.com\/pt\/wp-json\/wp\/v2\/comments?post=15167"}],"version-history":[{"count":0,"href":"https:\/\/www.soyinquieto.com\/pt\/wp-json\/wp\/v2\/posts\/15167\/revisions"}],"wp:featuredmedia":[{"embeddable":true,"href":"https:\/\/www.soyinquieto.com\/pt\/wp-json\/wp\/v2\/media\/15151"}],"wp:attachment":[{"href":"https:\/\/www.soyinquieto.com\/pt\/wp-json\/wp\/v2\/media?parent=15167"}],"wp:term":[{"taxonomy":"category","embeddable":true,"href":"https:\/\/www.soyinquieto.com\/pt\/wp-json\/wp\/v2\/categories?post=15167"},{"taxonomy":"post_tag","embeddable":true,"href":"https:\/\/www.soyinquieto.com\/pt\/wp-json\/wp\/v2\/tags?post=15167"}],"curies":[{"name":"wp","href":"https:\/\/api.w.org\/{rel}","templated":true}]}}