{"id":15459,"date":"2023-08-09T07:04:00","date_gmt":"2023-08-09T07:04:00","guid":{"rendered":"https:\/\/www.soyinquieto.com\/?p=15459"},"modified":"2023-09-04T12:07:04","modified_gmt":"2023-09-04T12:07:04","slug":"inovacao-nas-embalagens-para-a-ultima-milha","status":"publish","type":"post","link":"https:\/\/www.soyinquieto.com\/pt\/blog\/inovacao-nas-embalagens-para-a-ultima-milha\/","title":{"rendered":"Inova\u00e7\u00e3o nas embalagens para a \u00faltima milha"},"content":{"rendered":"<p><span style=\"font-weight: 400;\">A evolu\u00e7\u00e3o constante do com\u00e9rcio eletr\u00f3nico transformou a forma como os produtos chegam \u00e0s nossas portas. A \u00faltima milha de um produto, que engloba o trajeto final desde o centro de distribui\u00e7\u00e3o at\u00e9 ao cliente final, tornou-se um<\/span><b> campo f\u00e9rtil para a inova\u00e7\u00e3o<\/b><span style=\"font-weight: 400;\">. E uma dessas \u00e1reas cruciais de desenvolvimento \u00e9 o design e a tecnologia aplicada \u00e0s embalagens. Neste post, vamos falar sobre a forma <\/span><b>como a inova\u00e7\u00e3o nas embalagens est\u00e1 integrada nos servi\u00e7os de entrega<\/b><span style=\"font-weight: 400;\"> de uma grande variedade de empresas.<\/span><\/p>\n<h2><b>Design \u00e0 medida do produto<\/b><\/h2>\n<p><span style=\"font-weight: 400;\">Um dos principais desafios na \u00faltima milha \u00e9 <\/span><b>garantir que os produtos chegam ao seu destino em perfeitas condi\u00e7\u00f5es<\/b><span style=\"font-weight: 400;\">, independentemente das suas idiossincrasias ou necessidades espec\u00edficas: temperatura, volume, fragilidade\u2026 Para responder a este desafio, as empresas apostam no desenvolvimento de embalagens concebidas especificamente para cada tipo de produto. Assim, estas <\/span><b>embalagens personalizadas<\/b><span style=\"font-weight: 400;\"> proporcionam um ajuste perfeito, reduzindo o risco de danos durante o transporte e melhorando a experi\u00eancia do cliente de receber um artigo em condi\u00e7\u00f5es \u00f3timas.<\/span><\/p>\n<ul>\n<li style=\"font-weight: 400;\" aria-level=\"1\"><b>Personaliza\u00e7\u00e3o<\/b><span style=\"font-weight: 400;\">:<\/span><\/li>\n<\/ul>\n<p><span style=\"font-weight: 400;\">No que diz respeito \u00e0 personaliza\u00e7\u00e3o, as pr\u00e1ticas das empresas a este respeito v\u00e3o para al\u00e9m da realiza\u00e7\u00e3o de designs de embalagens adaptados ao produto. Al\u00e9m disso, a \u00faltima milha das empresas est\u00e1 a utilizar tecnologias emergentes para criar <\/span><b>embalagens personalizadas com mensagens, imagens ou mesmo nomes dos clientes<\/b><span style=\"font-weight: 400;\">. Isto n\u00e3o s\u00f3 d\u00e1 um toque pessoal, como tamb\u00e9m cria uma experi\u00eancia \u00fanica de unboxing que pode ser partilhada nas redes sociais, impulsionando a marca e o envolvimento do cliente.<\/span><\/p>\n<h2><b>Devolu\u00e7\u00f5es mais simples<\/b><\/h2>\n<p><span style=\"font-weight: 400;\">As devolu\u00e7\u00f5es s\u00e3o uma parte inevit\u00e1vel do com\u00e9rcio eletr\u00f3nico e tudo o que as empresas puderem fazer para simplificar estes processos funcionar\u00e1 a seu favor. Assim, cada vez mais embalagens s\u00e3o <\/span><b>concebidas de forma a poderem ser facilmente fechadas depois de abertas<\/b><span style=\"font-weight: 400;\">. Isto permite que o cliente final inicie o processo de devolu\u00e7\u00e3o de um produto sem perder tempo a utilizar a embalagem original, o que aumenta a sua satisfa\u00e7\u00e3o e, ao mesmo tempo, acelera o processo para a empresa.<\/span><\/p>\n<p><span style=\"font-weight: 400;\">Al\u00e9m disso, algumas embalagens j\u00e1 t\u00eam <\/span><b>etiquetas de devolu\u00e7\u00e3o reutiliz\u00e1veis pr\u00e9-impressas<\/b><span style=\"font-weight: 400;\">, o que, mais uma vez, se destina a acelerar e a simplificar o processo de devolu\u00e7\u00e3o, tanto para os clientes como para as empresas.<\/span><\/p>\n<h2><b>Materiais sustent\u00e1veis e reutiliz\u00e1veis<\/b><\/h2>\n<p><span style=\"font-weight: 400;\">A sustentabilidade \u00e9 uma preocupa\u00e7\u00e3o crescente em todos os aspetos da cadeia de abastecimento, tornando-se mesmo um fator determinante quando um utilizador escolhe uma empresa ou outra para comprar um produto semelhante. As embalagens atuais utilizam <\/span><b>materiais recicl\u00e1veis, biodegrad\u00e1veis e reutiliz\u00e1veis<\/b><span style=\"font-weight: 400;\"> para reduzir o seu impacto ambiental. Uma pr\u00e1tica que, como dissemos, n\u00e3o s\u00f3 contribui para reduzir os res\u00edduos, como tamb\u00e9m melhora a perce\u00e7\u00e3o da empresa entre os consumidores, cada vez mais conscientes da import\u00e2ncia de cuidar do ambiente.<\/span><\/p>\n<ul>\n<li aria-level=\"1\"><b>Embalagens dobr\u00e1veis<\/b><\/li>\n<\/ul>\n<p><span style=\"font-weight: 400;\">O espa\u00e7o de armazenamento e transporte \u00e9 um aspeto a ter em conta na \u00faltima milha. Para otimiz\u00e1-lo ao m\u00e1ximo surgiram as embalagens dobr\u00e1veis. Uma solu\u00e7\u00e3o inteligente para <\/span><b>otimizar o espa\u00e7o e reduzir os custos de envio<\/b><span style=\"font-weight: 400;\"> que cada vez mais empresas est\u00e3o a incorporar nos seus servi\u00e7os de entrega. Al\u00e9m disso, estas embalagens podem ser dobradas ap\u00f3s a sua utiliza\u00e7\u00e3o, o que tamb\u00e9m facilita o seu armazenamento em casa do cliente e a sua posterior reciclagem.<\/span><\/p>\n<h2><b>Encomenda inteligente<\/b><\/h2>\n<p><span style=\"font-weight: 400;\">As encomendas inteligentes incorporam <\/span><b>sensores e dispositivos eletr\u00f3nicos nas embalagens<\/b><span style=\"font-weight: 400;\">, aproveitando os \u00faltimos avan\u00e7os da tecnologia. E o que estes dispositivos podem fazer? <\/span><b>Rastrear a localiza\u00e7\u00e3o, a temperatura e a humidade de cada embalagem em tempo real.<\/b><span style=\"font-weight: 400;\"> Informa\u00e7\u00f5es valiosas que n\u00e3o s\u00f3 garantem a qualidade do produto durante o seu transporte, como tamb\u00e9m permitem que os consumidores tenham uma vis\u00e3o completa do estado do seu envio.<\/span><\/p>\n<p><img fetchpriority=\"high\" decoding=\"async\" class=\"aligncenter wp-image-15350 size-large\" src=\"https:\/\/www.soyinquieto.com\/wp-content\/uploads\/2023\/08\/cajas-carton-rodillos-transportadores-listas-ser-enviadas-mensajeria-su-distribucion-1024x765.jpg\" alt=\"Caja de cart\u00f3n, embalaje, papeler\u00eda.\" width=\"1024\" height=\"765\" title=\"- -\" srcset=\"https:\/\/www.soyinquieto.com\/wp-content\/uploads\/2023\/08\/cajas-carton-rodillos-transportadores-listas-ser-enviadas-mensajeria-su-distribucion-1024x765.jpg 1024w, https:\/\/www.soyinquieto.com\/wp-content\/uploads\/2023\/08\/cajas-carton-rodillos-transportadores-listas-ser-enviadas-mensajeria-su-distribucion-scaled-400x299.jpg 400w, https:\/\/www.soyinquieto.com\/wp-content\/uploads\/2023\/08\/cajas-carton-rodillos-transportadores-listas-ser-enviadas-mensajeria-su-distribucion-300x224.jpg 300w, https:\/\/www.soyinquieto.com\/wp-content\/uploads\/2023\/08\/cajas-carton-rodillos-transportadores-listas-ser-enviadas-mensajeria-su-distribucion-768x574.jpg 768w, https:\/\/www.soyinquieto.com\/wp-content\/uploads\/2023\/08\/cajas-carton-rodillos-transportadores-listas-ser-enviadas-mensajeria-su-distribucion-1536x1147.jpg 1536w, https:\/\/www.soyinquieto.com\/wp-content\/uploads\/2023\/08\/cajas-carton-rodillos-transportadores-listas-ser-enviadas-mensajeria-su-distribucion-2048x1530.jpg 2048w\" sizes=\"(max-width: 1024px) 100vw, 1024px\" \/><\/p>\n<h2><b>Testes de resist\u00eancia<\/b><\/h2>\n<p><span style=\"font-weight: 400;\">Por \u00faltimo, qualquer servi\u00e7o de transporte de \u00faltima milha deve ter em conta a <\/span><b>durabilidade e a resist\u00eancia das suas embalagens,<\/b><span style=\"font-weight: 400;\"> uma vez que estas s\u00e3o duas caracter\u00edsticas essenciais para proteger os produtos durante a viagem final. \u00c9 cada vez mais comum as empresas efetuarem <\/span><b>testes de resist\u00eancia avan\u00e7ados <\/b><span style=\"font-weight: 400;\">para garantir que as suas embalagens podem resistir a condi\u00e7\u00f5es extremas, como quedas ou manuseamento brusco. Estes testes garantem que os produtos chegam em \u00f3timas condi\u00e7\u00f5es, o que, por sua vez, reduz os problemas com as devolu\u00e7\u00f5es e aumenta a satisfa\u00e7\u00e3o do cliente.<\/span><\/p>\n","protected":false},"excerpt":{"rendered":"<p>A evolu\u00e7\u00e3o constante do com\u00e9rcio eletr\u00f3nico transformou a forma como os produtos chegam \u00e0s nossas portas. A \u00faltima milha de um produto, que engloba o trajeto final desde o centro de distribui\u00e7\u00e3o at\u00e9 ao cliente final, tornou-se um campo f\u00e9rtil para a inova\u00e7\u00e3o. E uma dessas \u00e1reas cruciais de desenvolvimento \u00e9 o design e a [&hellip;]<\/p>\n","protected":false},"author":1,"featured_media":15353,"comment_status":"open","ping_status":"open","sticky":false,"template":"","format":"standard","meta":{"_acf_changed":false,"inline_featured_image":false,"_joinchat":[],"footnotes":""},"categories":[528],"tags":[540,544],"class_list":["post-15459","post","type-post","status-publish","format-standard","has-post-thumbnail","hentry","category-logistica-de-ultima-milha","tag-inquieto-pt-2","tag-ultima-milla-pt-2"],"acf":[],"_links":{"self":[{"href":"https:\/\/www.soyinquieto.com\/pt\/wp-json\/wp\/v2\/posts\/15459","targetHints":{"allow":["GET"]}}],"collection":[{"href":"https:\/\/www.soyinquieto.com\/pt\/wp-json\/wp\/v2\/posts"}],"about":[{"href":"https:\/\/www.soyinquieto.com\/pt\/wp-json\/wp\/v2\/types\/post"}],"author":[{"embeddable":true,"href":"https:\/\/www.soyinquieto.com\/pt\/wp-json\/wp\/v2\/users\/1"}],"replies":[{"embeddable":true,"href":"https:\/\/www.soyinquieto.com\/pt\/wp-json\/wp\/v2\/comments?post=15459"}],"version-history":[{"count":0,"href":"https:\/\/www.soyinquieto.com\/pt\/wp-json\/wp\/v2\/posts\/15459\/revisions"}],"wp:featuredmedia":[{"embeddable":true,"href":"https:\/\/www.soyinquieto.com\/pt\/wp-json\/wp\/v2\/media\/15353"}],"wp:attachment":[{"href":"https:\/\/www.soyinquieto.com\/pt\/wp-json\/wp\/v2\/media?parent=15459"}],"wp:term":[{"taxonomy":"category","embeddable":true,"href":"https:\/\/www.soyinquieto.com\/pt\/wp-json\/wp\/v2\/categories?post=15459"},{"taxonomy":"post_tag","embeddable":true,"href":"https:\/\/www.soyinquieto.com\/pt\/wp-json\/wp\/v2\/tags?post=15459"}],"curies":[{"name":"wp","href":"https:\/\/api.w.org\/{rel}","templated":true}]}}