{"id":15558,"date":"2023-09-27T07:38:00","date_gmt":"2023-09-27T07:38:00","guid":{"rendered":"https:\/\/www.soyinquieto.com\/?p=15558"},"modified":"2023-10-06T12:43:13","modified_gmt":"2023-10-06T12:43:13","slug":"mobilidade-sustentavel-em-espanha-o-observatorio-define-a-regra-verde","status":"publish","type":"post","link":"https:\/\/www.soyinquieto.com\/pt\/blog\/mobilidade-sustentavel-em-espanha-o-observatorio-define-a-regra-verde\/","title":{"rendered":"Mobilidade Sustent\u00e1vel em Espanha: o Observat\u00f3rio define a regra verde"},"content":{"rendered":"<p><span style=\"font-weight: 400;\">A mobilidade desempenha um papel crucial na nossa vida quotidiana. No entanto, a <\/span><b>sustentabilidade tornou-se uma prioridade global.<\/b><span style=\"font-weight: 400;\"> Neste contexto, a mobilidade sustent\u00e1vel implica a ado\u00e7\u00e3o de pr\u00e1ticas de transporte que reduzam o impacto ambiental, melhorem a qualidade do ar e promovam um estilo de vida mais saud\u00e1vel e ativo. Assim, os objetivos s\u00e3o claros: avan\u00e7ar para um futuro mais verde e mais eficiente, promovendo uma mudan\u00e7a fundamental na forma como nos deslocamos e transportamos mercadorias.\u00a0<\/span><\/p>\n<p><span style=\"font-weight: 400;\">No \u00e2mbito da Semana Europeia da Mobilidade, realizou-se no dia 22 de setembro o <\/span><b>Observat\u00f3rio Espanhol da Mobilidade Sustent\u00e1vel<\/b><span style=\"font-weight: 400;\">. Um encontro que reuniu destacados representantes da Uni\u00e3o Europeia, assim como peritos do mundo empresarial e da administra\u00e7\u00e3o p\u00fablica, com o objetivo de elaborar uma <\/span><b>vis\u00e3o global do presente e do futuro da mobilidade sustent\u00e1vel<\/b><span style=\"font-weight: 400;\"> e do quadro regulamentar correspondente.<\/span><\/p>\n<h2><b>Mobilidade sustent\u00e1vel acess\u00edvel a todos<\/b><\/h2>\n<p><span style=\"font-weight: 400;\">Nesta jornada quis-se salientar a import\u00e2ncia da mobilidade sustent\u00e1vel como um objetivo cont\u00ednuo que exige um <\/span><b>esfor\u00e7o constante<\/b><span style=\"font-weight: 400;\"> para preservar o nosso ambiente, melhorar a qualidade de vida das gera\u00e7\u00f5es futuras e garantir um futuro mais sustent\u00e1vel para o nosso planeta. Al\u00e9m disso, foi apresentada uma vis\u00e3o atual e futura desta \u00e1rea no quadro europeu, com propostas como a obten\u00e7\u00e3o da<\/span><b> neutralidade clim\u00e1tica at\u00e9 2050<\/b><span style=\"font-weight: 400;\"> ou mais regulamenta\u00e7\u00f5es, muitas delas j\u00e1 inclu\u00eddas em pacotes de medidas anteriores e que fazem alus\u00e3o a aspetos como as emiss\u00f5es poluentes dos ve\u00edculos novos.<\/span><\/p>\n<blockquote><p><i><span style=\"font-weight: 400;\">A UE prop\u00f4s-se\u00a0<\/span><\/i><i><span style=\"font-weight: 400;\">reduzir as emiss\u00f5es\u00a0<\/span><\/i><i><span style=\"font-weight: 400;\">do setor do transporte\u00a0<\/span><\/i><i><span style=\"font-weight: 400;\">em 90% para 2050.<\/span><\/i><\/p><\/blockquote>\n<p><span style=\"font-weight: 400;\">Da mesma forma, foi discutida a<\/span><b> import\u00e2ncia da informa\u00e7\u00e3o digital<\/b><span style=\"font-weight: 400;\"> na promo\u00e7\u00e3o de um transporte mais eficiente na Europa. Trata-se, por exemplo, de informa\u00e7\u00e3o em tempo real sobre o tr\u00e2nsito, transportes p\u00fablicos ou op\u00e7\u00f5es de mobilidade partilhada. Dados que permitem ao cidad\u00e3o tomar decis\u00f5es com maior conhecimento do assunto e escolher o seu meio de transporte com base na sua efici\u00eancia e sustentabilidade. Al\u00e9m disso, foi dada \u00eanfase \u00e0 <\/span><b>necessidade de procurar novos modelos de mobilidade sustent\u00e1vel<\/b><span style=\"font-weight: 400;\">, tanto para pessoas como para mercadorias.<\/span><\/p>\n<h2><b>A import\u00e2ncia da pedonaliza\u00e7\u00e3o e das zonas de baixas emiss\u00f5es<\/b><\/h2>\n<p><img fetchpriority=\"high\" decoding=\"async\" class=\"alignright wp-image-15522 \" src=\"https:\/\/www.soyinquieto.com\/wp-content\/uploads\/2023\/10\/calle-estrecha-edificios-altos-200x300.jpg\" alt=\"Movilidad Sostenible\" width=\"267\" height=\"401\" title=\"- -\" srcset=\"https:\/\/www.soyinquieto.com\/wp-content\/uploads\/2023\/10\/calle-estrecha-edificios-altos-200x300.jpg 200w, https:\/\/www.soyinquieto.com\/wp-content\/uploads\/2023\/10\/calle-estrecha-edificios-altos-scaled-400x601.jpg 400w, https:\/\/www.soyinquieto.com\/wp-content\/uploads\/2023\/10\/calle-estrecha-edificios-altos-681x1024.jpg 681w, https:\/\/www.soyinquieto.com\/wp-content\/uploads\/2023\/10\/calle-estrecha-edificios-altos-768x1154.jpg 768w, https:\/\/www.soyinquieto.com\/wp-content\/uploads\/2023\/10\/calle-estrecha-edificios-altos-1022x1536.jpg 1022w, https:\/\/www.soyinquieto.com\/wp-content\/uploads\/2023\/10\/calle-estrecha-edificios-altos-1363x2048.jpg 1363w, https:\/\/www.soyinquieto.com\/wp-content\/uploads\/2023\/10\/calle-estrecha-edificios-altos-scaled.jpg 1703w\" sizes=\"(max-width: 267px) 100vw, 267px\" \/><\/p>\n<p><span style=\"font-weight: 400;\">N\u00e3o menos importante, o Observat\u00f3rio destacou a import\u00e2ncia de disponibilizar op\u00e7\u00f5es de mobilidade sustent\u00e1vel a todos os cidad\u00e3os. Sem deixar isso reservado apenas \u00e0s grandes cidades. Foi aqui que foi mencionada a <\/span><b>tend\u00eancia de pedonaliza\u00e7\u00e3o<\/b><span style=\"font-weight: 400;\"> que as zonas urbanas devem seguir, assim como a <\/span><b>tend\u00eancia para a designa\u00e7\u00e3o de zonas de baixas emiss\u00f5es<\/b><span style=\"font-weight: 400;\">, n\u00e3o apenas como restri\u00e7\u00f5es ao tr\u00e1fego, mas como ferramentas para <\/span><b>modernizar as\u00a0<\/b><b>frotas de ve\u00edculos<\/b><span style=\"font-weight: 400;\">. Um facto que afeta especialmente Espanha, com uma idade m\u00e9dia dos autom\u00f3veis de 13,5 anos.<\/span><\/p>\n<blockquote><p><i><span style=\"font-weight: 400;\">Impulso na moderniza\u00e7\u00e3o\u00a0<\/span><\/i><i><span style=\"font-weight: 400;\">das frotas de ve\u00edculos,\u00a0<\/span><\/i><i><span style=\"font-weight: 400;\">apostando na eletrifica\u00e7\u00e3o<\/span><\/i><\/p><\/blockquote>\n<p><span style=\"font-weight: 400;\">Foi tamb\u00e9m sublinhada a necessidade de <\/span><b>expandir as infraestruturas de carregamento para ve\u00edculos el\u00e9tricos<\/b><span style=\"font-weight: 400;\">, uma alternativa muito mais limpa e acess\u00edvel.<\/span><\/p>\n<h2><b>Moderniza\u00e7\u00e3o de frotas de ve\u00edculos e eletrifica\u00e7\u00e3o<\/b><\/h2>\n<p><span style=\"font-weight: 400;\">A <\/span><b>ado\u00e7\u00e3o de ve\u00edculos el\u00e9tricos nas frotas de \u00faltima milha<\/b><span style=\"font-weight: 400;\"> de qualquer empresa desempenha um papel crucial na promo\u00e7\u00e3o da sustentabilidade, especialmente nas zonas urbanas. Estes ve\u00edculos apresentam um conjunto de <\/span><b>vantagens<\/b> <b>significativas<\/b><span style=\"font-weight: 400;\"> neste dom\u00ednio, como a redu\u00e7\u00e3o das emiss\u00f5es poluentes e a mitiga\u00e7\u00e3o do ru\u00eddo em zonas urbanas densamente povoadas. Al\u00e9m disso, ao utilizarem energia el\u00e9trica em vez de combust\u00edveis f\u00f3sseis, contribuem para a redu\u00e7\u00e3o da pegada de carbono, o que \u00e9 essencial num contexto de consci\u00eancia ambiental.<\/span><\/p>\n<p><span style=\"font-weight: 400;\">Assim, a transi\u00e7\u00e3o para ve\u00edculos el\u00e9tricos nas frotas de \u00faltima milha n\u00e3o s\u00f3 beneficia o ambiente, como tamb\u00e9m pode gerar <\/span><b>poupan\u00e7as significativas para a empresa<\/b><span style=\"font-weight: 400;\"> em termos de custos operacionais a longo prazo. Desta forma, a op\u00e7\u00e3o por ve\u00edculos comerciais el\u00e9tricos \u00e9 um investimento inteligente e sustent\u00e1vel para as empresas que procuram um futuro mais limpo e eficiente.<\/span><\/p>\n<p><span style=\"font-weight: 400;\">O futuro da mobilidade \u00e9 inegavelmente verde, com um foco crescente em ve\u00edculos el\u00e9tricos, transportes p\u00fablicos sustent\u00e1veis e op\u00e7\u00f5es de mobilidade partilhada.<\/span><\/p>\n","protected":false},"excerpt":{"rendered":"<p>A mobilidade desempenha um papel crucial na nossa vida quotidiana. No entanto, a sustentabilidade tornou-se uma prioridade global. Neste contexto, a mobilidade sustent\u00e1vel implica a ado\u00e7\u00e3o de pr\u00e1ticas de transporte que reduzam o impacto ambiental, melhorem a qualidade do ar e promovam um estilo de vida mais saud\u00e1vel e ativo. Assim, os objetivos s\u00e3o claros: [&hellip;]<\/p>\n","protected":false},"author":1,"featured_media":15525,"comment_status":"open","ping_status":"open","sticky":false,"template":"","format":"standard","meta":{"_acf_changed":false,"inline_featured_image":false,"_joinchat":[],"footnotes":""},"categories":[549],"tags":[540,543,738,595,544],"class_list":["post-15558","post","type-post","status-publish","format-standard","has-post-thumbnail","hentry","category-sustentabilidade","tag-inquieto-pt-2","tag-movilidad-en-pt","tag-movilidad-sostenible-pt","tag-sostenibilidad","tag-ultima-milla-pt-2"],"acf":[],"_links":{"self":[{"href":"https:\/\/www.soyinquieto.com\/pt\/wp-json\/wp\/v2\/posts\/15558","targetHints":{"allow":["GET"]}}],"collection":[{"href":"https:\/\/www.soyinquieto.com\/pt\/wp-json\/wp\/v2\/posts"}],"about":[{"href":"https:\/\/www.soyinquieto.com\/pt\/wp-json\/wp\/v2\/types\/post"}],"author":[{"embeddable":true,"href":"https:\/\/www.soyinquieto.com\/pt\/wp-json\/wp\/v2\/users\/1"}],"replies":[{"embeddable":true,"href":"https:\/\/www.soyinquieto.com\/pt\/wp-json\/wp\/v2\/comments?post=15558"}],"version-history":[{"count":0,"href":"https:\/\/www.soyinquieto.com\/pt\/wp-json\/wp\/v2\/posts\/15558\/revisions"}],"wp:featuredmedia":[{"embeddable":true,"href":"https:\/\/www.soyinquieto.com\/pt\/wp-json\/wp\/v2\/media\/15525"}],"wp:attachment":[{"href":"https:\/\/www.soyinquieto.com\/pt\/wp-json\/wp\/v2\/media?parent=15558"}],"wp:term":[{"taxonomy":"category","embeddable":true,"href":"https:\/\/www.soyinquieto.com\/pt\/wp-json\/wp\/v2\/categories?post=15558"},{"taxonomy":"post_tag","embeddable":true,"href":"https:\/\/www.soyinquieto.com\/pt\/wp-json\/wp\/v2\/tags?post=15558"}],"curies":[{"name":"wp","href":"https:\/\/api.w.org\/{rel}","templated":true}]}}