{"id":16663,"date":"2024-01-08T08:33:46","date_gmt":"2024-01-08T08:33:46","guid":{"rendered":"https:\/\/www.soyinquieto.com\/?p=16663"},"modified":"2024-01-26T08:12:52","modified_gmt":"2024-01-26T08:12:52","slug":"veiculos-eletricos-na-industria-do-cinema-filmagens-sustentaveis","status":"publish","type":"post","link":"https:\/\/www.soyinquieto.com\/pt\/blog\/veiculos-eletricos-na-industria-do-cinema-filmagens-sustentaveis\/","title":{"rendered":"Ve\u00edculos el\u00e9tricos na ind\u00fastria do cinema: filmagens sustent\u00e1veis"},"content":{"rendered":"<p><span style=\"font-weight: 400;\">A ind\u00fastria cinematogr\u00e1fica, tal como outras grandes ind\u00fastrias e setores, est\u00e1 a come\u00e7ar a incorporar <\/span><b>ve\u00edculos el\u00e9tricos<\/b><span style=\"font-weight: 400;\"> nas suas filmagens como uma <\/span><b>op\u00e7\u00e3o sustent\u00e1vel para as suas produ\u00e7\u00f5es<\/b><span style=\"font-weight: 400;\">. Uma mudan\u00e7a que responde, entre outras quest\u00f5es, \u00e0 crescente consci\u00eancia ambiental e \u00e0 necessidade de reduzir a pegada de carbono de qualquer atividade. O facto \u00e9 que as filmagens implicam o movimento constante tanto de pessoal como de materiais e elementos de todo o tipo. Al\u00e9m disso, esta mudan\u00e7a traz consigo<\/span><b> benef\u00edcios econ\u00f3micos<\/b><span style=\"font-weight: 400;\"> para as produtoras.<\/span><\/p>\n<p><span style=\"font-weight: 400;\">Os ve\u00edculos el\u00e9tricos <\/span><b>permitem reduzir os custos operacionais<\/b><span style=\"font-weight: 400;\"> associados ao combust\u00edvel f\u00f3ssil. Beneficiam tamb\u00e9m das vantagens da <\/span><b>efici\u00eancia energ\u00e9tica <\/b><span style=\"font-weight: 400;\">e da diminui\u00e7\u00e3o dos custos associados \u00e0 <\/span><b>manuten\u00e7\u00e3o<\/b><span style=\"font-weight: 400;\"> das frotas convencionais. Al\u00e9m disso, a utiliza\u00e7\u00e3o de tecnologias amigas do ambiente pode gerar uma imagem positiva para as produ\u00e7\u00f5es cinematogr\u00e1ficas, atraindo um p\u00fablico cada vez mais preocupado com o impacto ambiental de qualquer atividade.<\/span><\/p>\n<p><span style=\"font-weight: 400;\">Desta forma, a transi\u00e7\u00e3o para ve\u00edculos el\u00e9tricos na ind\u00fastria cinematogr\u00e1fica n\u00e3o s\u00f3 \u00e9 uma resposta respons\u00e1vel aos desafios ambientais atuais, como tamb\u00e9m uma <\/span><b>estrat\u00e9gia pragm\u00e1tica que alia a sustentabilidade \u00e0 rentabilidade econ\u00f3mica<\/b><span style=\"font-weight: 400;\">. Esta mudan\u00e7a contribui para a constru\u00e7\u00e3o de uma ind\u00fastria cinematogr\u00e1fica mais consciente e adaptada aos padr\u00f5es de um mundo moderno focado na preserva\u00e7\u00e3o do meio ambiente.<\/span><\/p>\n<h2><b>Mobilidade sustent\u00e1vel, 0 emiss\u00f5es<\/b><\/h2>\n<p><span style=\"font-weight: 400;\">Os ve\u00edculos el\u00e9tricos <\/span><b>destacam-se pelo seu funcionamento silencioso e por n\u00e3o emitirem gases poluentes<\/b><span style=\"font-weight: 400;\"> durante a sua utiliza\u00e7\u00e3o. A primeira destas caracter\u00edsticas \u00e9 particularmente essencial na produ\u00e7\u00e3o cinematogr\u00e1fica, onde a qualidade do som \u00e9 crucial. Al\u00e9m disso, ao dispensar a queima de combust\u00edveis f\u00f3sseis, os ve\u00edculos el\u00e9tricos contribuem significativamente para uma mobilidade mais sustent\u00e1vel.<\/span><\/p>\n<ul>\n<li aria-level=\"1\"><b>Alguns exemplos<\/b><\/li>\n<\/ul>\n<p><span style=\"font-weight: 400;\">Furgonetas el\u00e9tricas, como a<\/span> <a href=\"https:\/\/www.soyinquieto.com\/pt\/nosa-frota\/maxus-edeliver-3\/\"><b>Maxus eDeliver 3<\/b><\/a><span style=\"font-weight: 400;\"> s\u00e3o a escolha ideal para a log\u00edstica nas filmagens, estabelecendo um passo fundamental para a sustentabilidade. O seu design vers\u00e1til e amigo do ambiente <\/span><b>adapta-se \u00e0s exig\u00eancias de mobilidade nos sets<\/b><span style=\"font-weight: 400;\">, oferecendo um desempenho \u00e1gil, capacidade de carga e autonomia.<\/span><\/p>\n<p><span style=\"font-weight: 400;\">O Maxus eDeliver 3 n\u00e3o s\u00f3 reduz as emiss\u00f5es poluentes durante as desloca\u00e7\u00f5es nos sets, como tamb\u00e9m <\/span><b>proporciona um funcionamento silencioso<\/b><span style=\"font-weight: 400;\">, integrando-se harmoniosamente no ambiente das filmagens. Esta escolha estabelece um padr\u00e3o para a <\/span><b>ado\u00e7\u00e3o de tecnologias limpas na log\u00edstica cinematogr\u00e1fica<\/b><span style=\"font-weight: 400;\">, redefinindo a mobilidade e promovendo uma produ\u00e7\u00e3o mais sustent\u00e1vel.<\/span><\/p>\n<p><span style=\"font-weight: 400;\">Por seu lado,<\/span> <b>a <\/b><a href=\"https:\/\/www.soyinquieto.com\/pt\/nosa-frota\/maxus-edeliver-9\/\"><b>Maxus eDeliver 9<\/b><\/a><b> oferece, para quem precisar, ainda mais capacidade de carga que a Maxus eDeliver 3<\/b><span style=\"font-weight: 400;\">, <\/span><span style=\"font-weight: 400;\">redefinindo a log\u00edstica na ind\u00fastria cinematogr\u00e1fica. Este potente e sustent\u00e1vel furgoneta el\u00e9trica oferece uma solu\u00e7\u00e3o eficiente para o <\/span><b>transporte de equipamento volumoso nas filmagens<\/b><span style=\"font-weight: 400;\">, destacando-se o seu compromisso com a efici\u00eancia.<\/span><\/p>\n<p><span style=\"font-weight: 400;\">Por outro lado, uma op\u00e7\u00e3o \u00e1gil e sustent\u00e1vel para a <\/span><b>desloca\u00e7\u00e3o r\u00e1pida de pessoal e equipamentos no set<\/b><span style=\"font-weight: 400;\"> \u00e9 a <\/span><a href=\"https:\/\/www.soyinquieto.com\/pt\/nosa-frota\/silencio-s02-hs\/\"><b>moto el\u00e9trica Silence S02 HS<\/b><\/a><span style=\"font-weight: 400;\">. Com um design compacto e sem emiss\u00f5es, esta motocicleta el\u00e9trica oferece uma solu\u00e7\u00e3o eficiente para a ind\u00fastria cinematogr\u00e1fica.<\/span><\/p>\n<h2><b>Efici\u00eancia energ\u00e9tica e custos reduzidos<\/b><\/h2>\n<p><span style=\"font-weight: 400;\">Os ve\u00edculos el\u00e9tricos s\u00e3o, por natureza, <\/span><b>mais eficientes em termos energ\u00e9ticos<\/b><span style=\"font-weight: 400;\"> do que os seus equivalentes com motor de combust\u00e3o interna. Isto traduz-se numa <\/span><b>redu\u00e7\u00e3o dos custos operacionais a longo prazo<\/b><span style=\"font-weight: 400;\"> para as produ\u00e7\u00f5es cinematogr\u00e1ficas. Embora o investimento inicial possa ser elevado (o que tamb\u00e9m pode ser evitado com o leasing), as poupan\u00e7as em combust\u00edvel e manuten\u00e7\u00e3o ao longo do tempo fazem dos ve\u00edculos el\u00e9tricos uma <\/span><b>op\u00e7\u00e3o econ\u00f3mica e sustent\u00e1vel<\/b><span style=\"font-weight: 400;\">.<\/span><\/p>\n<h2><b>Tecnologia de carregamento r\u00e1pido para filmagens cont\u00ednuas<\/b><\/h2>\n<p><span style=\"font-weight: 400;\">A tecnologia de carregamento r\u00e1pido dos ve\u00edculos el\u00e9tricos \u00e9 um fator-chave que facilita a sua integra\u00e7\u00e3o na ind\u00fastria cinematogr\u00e1fica. As equipas de produ\u00e7\u00e3o podem recarregar as baterias durante as pausas, <\/span><b>garantindo que os ve\u00edculos est\u00e3o prontos a ser utilizados num curto espa\u00e7o de tempo<\/b><span style=\"font-weight: 400;\">. Isto \u00e9 especialmente ben\u00e9fico em filmagens que requerem mobilidade constante, permitindo um <\/span><b>planeamento log\u00edstico mais eficiente<\/b><span style=\"font-weight: 400;\">.<\/span><\/p>\n<h2><b>Promo\u00e7\u00e3o da sustentabilidade na ind\u00fastria do entretenimento<\/b><\/h2>\n<p><span style=\"font-weight: 400;\">A ado\u00e7\u00e3o de ve\u00edculos el\u00e9tricos na ind\u00fastria cinematogr\u00e1fica vai para al\u00e9m da efici\u00eancia e da poupan\u00e7a. Desempenha tamb\u00e9m um papel crucial na promo\u00e7\u00e3o de pr\u00e1ticas sustent\u00e1veis e na <\/span><b>sensibiliza\u00e7\u00e3o<\/b><span style=\"font-weight: 400;\"> para a import\u00e2ncia de reduzir a pegada de carbono. A visibilidade destas a\u00e7\u00f5es pode inspirar outros setores da sociedade a seguirem o exemplo, criando um impacto positivo na consci\u00eancia ambiental.<\/span><\/p>\n<h2><b>Colabora\u00e7\u00e3o com os fabricantes de ve\u00edculos el\u00e9tricos<\/b><\/h2>\n<p><span style=\"font-weight: 400;\">A colabora\u00e7\u00e3o entre a ind\u00fastria cinematogr\u00e1fica e os fabricantes de ve\u00edculos el\u00e9tricos pode levar a inova\u00e7\u00f5es espec\u00edficas para as necessidades do setor. Desde ve\u00edculos adaptados para o transporte de equipamento at\u00e9 solu\u00e7\u00f5es personalizadas para situa\u00e7\u00f5es de filmagem espec\u00edficas, <\/span><b>esta parceria pode gerar avan\u00e7os tecnol\u00f3gicos que beneficiam tanto a ind\u00fastria cinematogr\u00e1fica como o desenvolvimento de ve\u00edculos el\u00e9tricos<\/b><span style=\"font-weight: 400;\"> em geral.<\/span><\/p>\n<p><span style=\"font-weight: 400;\">A incorpora\u00e7\u00e3o de ve\u00edculos el\u00e9tricos na ind\u00fastria cinematogr\u00e1fica marca um passo significativo no sentido da sustentabilidade. \u00c0 medida que a consci\u00eancia ambiental cresce na sociedade, espera-se que mais produ\u00e7\u00f5es cinematogr\u00e1ficas sigam o exemplo, contribuindo para um futuro mais verde e respons\u00e1vel. A filmagem sustent\u00e1vel n\u00e3o \u00e9 apenas uma tend\u00eancia, mas uma necessidade na era atual.<\/span><\/p>\n","protected":false},"excerpt":{"rendered":"<p>A ind\u00fastria cinematogr\u00e1fica, tal como outras grandes ind\u00fastrias e setores, est\u00e1 a come\u00e7ar a incorporar ve\u00edculos el\u00e9tricos nas suas filmagens como uma op\u00e7\u00e3o sustent\u00e1vel para as suas produ\u00e7\u00f5es. Uma mudan\u00e7a que responde, entre outras quest\u00f5es, \u00e0 crescente consci\u00eancia ambiental e \u00e0 necessidade de reduzir a pegada de carbono de qualquer atividade. O facto \u00e9 que [&hellip;]<\/p>\n","protected":false},"author":1,"featured_media":16610,"comment_status":"open","ping_status":"open","sticky":false,"template":"","format":"standard","meta":{"_acf_changed":false,"inline_featured_image":false,"_joinchat":[],"footnotes":""},"categories":[550],"tags":[540,738,599],"class_list":["post-16663","post","type-post","status-publish","format-standard","has-post-thumbnail","hentry","category-transporte-pt","tag-inquieto-pt-2","tag-movilidad-sostenible-pt","tag-vehiculos-electricos-pt"],"acf":[],"_links":{"self":[{"href":"https:\/\/www.soyinquieto.com\/pt\/wp-json\/wp\/v2\/posts\/16663","targetHints":{"allow":["GET"]}}],"collection":[{"href":"https:\/\/www.soyinquieto.com\/pt\/wp-json\/wp\/v2\/posts"}],"about":[{"href":"https:\/\/www.soyinquieto.com\/pt\/wp-json\/wp\/v2\/types\/post"}],"author":[{"embeddable":true,"href":"https:\/\/www.soyinquieto.com\/pt\/wp-json\/wp\/v2\/users\/1"}],"replies":[{"embeddable":true,"href":"https:\/\/www.soyinquieto.com\/pt\/wp-json\/wp\/v2\/comments?post=16663"}],"version-history":[{"count":0,"href":"https:\/\/www.soyinquieto.com\/pt\/wp-json\/wp\/v2\/posts\/16663\/revisions"}],"wp:featuredmedia":[{"embeddable":true,"href":"https:\/\/www.soyinquieto.com\/pt\/wp-json\/wp\/v2\/media\/16610"}],"wp:attachment":[{"href":"https:\/\/www.soyinquieto.com\/pt\/wp-json\/wp\/v2\/media?parent=16663"}],"wp:term":[{"taxonomy":"category","embeddable":true,"href":"https:\/\/www.soyinquieto.com\/pt\/wp-json\/wp\/v2\/categories?post=16663"},{"taxonomy":"post_tag","embeddable":true,"href":"https:\/\/www.soyinquieto.com\/pt\/wp-json\/wp\/v2\/tags?post=16663"}],"curies":[{"name":"wp","href":"https:\/\/api.w.org\/{rel}","templated":true}]}}