{"id":20369,"date":"2024-08-20T07:51:52","date_gmt":"2024-08-20T07:51:52","guid":{"rendered":"https:\/\/www.soyinquieto.com\/blog\/estrategias-de-rse-que-melhoram-a-imagem-e-promovem-a-sustentabilidade\/"},"modified":"2024-09-06T07:42:07","modified_gmt":"2024-09-06T07:42:07","slug":"estrategias-de-rse-que-melhoram-a-imagem-e-promovem-a-sustentabilidade","status":"publish","type":"post","link":"https:\/\/www.soyinquieto.com\/pt\/blog\/estrategias-de-rse-que-melhoram-a-imagem-e-promovem-a-sustentabilidade\/","title":{"rendered":"Estrat\u00e9gias de RSE que melhoram a imagem e promovem a sustentabilidade"},"content":{"rendered":"\n<p>A sustentabilidade e a consciencializa\u00e7\u00e3o ambiental s\u00e3o cada vez mais importantes para os consumidores e investidores. Assim, a maioria das empresas j\u00e1 est\u00e1 a adotar estrat\u00e9gias que n\u00e3o s\u00f3 beneficiam os seus resultados, mas tamb\u00e9m refor\u00e7am o seu compromisso com o planeta.\u00a0<\/p>\n\n\n\n<p>Uma das iniciativas mais eficazes neste sentido \u00e9 a<strong> incorpora\u00e7\u00e3o de ve\u00edculos el\u00e9tricos como parte das estrat\u00e9gias de responsabilidade social das empresas (RSE).<\/strong> Esta iniciativa n\u00e3o s\u00f3 contribui de forma significativa para a redu\u00e7\u00e3o das emiss\u00f5es de carbono, como tamb\u00e9m melhora a imagem da empresa e fortalece a sua posi\u00e7\u00e3o no mercado.<\/p>\n\n\n\n<h2 class=\"wp-block-heading\"><strong>Compromisso sustent\u00e1vel e ve\u00edculos el\u00e9tricos<\/strong><\/h2>\n\n\n\n<p>A ado\u00e7\u00e3o de ve\u00edculos el\u00e9tricos tornou-se um<strong> s\u00edmbolo tang\u00edvel do compromisso das empresas com a sustentabilidade<\/strong>. Ao optarem por ve\u00edculos el\u00e9tricos (VE), as empresas demonstram que est\u00e3o dispostas a investir em tecnologias limpas para reduzir a sua pegada ambiental. Isto \u00e9 especialmente relevante em setores onde o transporte \u00e9 uma parte crucial das opera\u00e7\u00f5es: log\u00edstica, transporte de mercadorias ou servi\u00e7os de entrega.&nbsp;<\/p>\n\n\n\n<p>Ao substituir as frotas de ve\u00edculos de combust\u00e3o interna por ve\u00edculos el\u00e9tricos, as empresas podem reduzir significativamente as suas emiss\u00f5es de gases de efeito de estufa, contribuindo assim para os objetivos globais de redu\u00e7\u00e3o das emiss\u00f5es e para o combate \u00e0s altera\u00e7\u00f5es clim\u00e1ticas.<\/p>\n\n\n\n<h2 class=\"wp-block-heading\"><strong>Ve\u00edculos el\u00e9tricos e imagem p\u00fablica<\/strong><\/h2>\n\n\n\n<p>Al\u00e9m do impacto ambiental direto, a utiliza\u00e7\u00e3o de ve\u00edculos el\u00e9tricos como parte da RSE <strong>melhora consideravelmente a imagem p\u00fablica das empresas<\/strong>. Num ambiente onde os consumidores valorizam cada vez mais as pr\u00e1ticas sustent\u00e1veis, a ado\u00e7\u00e3o de VE \u00e9 uma declara\u00e7\u00e3o que pode diferenciar uma empresa dos seus concorrentes.&nbsp;<\/p>\n\n\n\n<p>As empresas que integram ve\u00edculos el\u00e9tricos nas suas opera\u00e7\u00f5es podem usar este facto nas suas estrat\u00e9gias de marketing, destacando o seu compromisso com o ambiente e atraindo clientes que valorizam a sustentabilidade. Isto n\u00e3o s\u00f3 melhora a reputa\u00e7\u00e3o da empresa, como tamb\u00e9m pode traduzir-se num aumento da fidelidade do cliente e numa vantagem competitiva no mercado.<\/p>\n\n\n\n<p>Al\u00e9m disso, o compromisso com a sustentabilidade atrav\u00e9s da ado\u00e7\u00e3o de VE <strong>fortalece as rela\u00e7\u00f5es com os investidores e outras partes interessadas<\/strong>. Cada vez mais, os investidores procuram empresas que n\u00e3o sejam apenas rent\u00e1veis, mas que tamb\u00e9m tenham uma estrat\u00e9gia clara para enfrentar os desafios ambientais e sociais.&nbsp;<\/p>\n\n\n\n<p>Ao incluir os ve\u00edculos el\u00e9tricos na sua estrat\u00e9gia de RSE, as empresas podem demonstrar que est\u00e3o alinhadas com os crit\u00e9rios ambientais, sociais e de governa\u00e7\u00e3o que orientam as decis\u00f5es de investimento respons\u00e1vel. Isto pode facilitar o acesso ao capital e melhorar a avalia\u00e7\u00e3o da empresa no mercado.<\/p>\n\n\n\n<p>Por \u00faltimo, \u00e9 importante notar que a ado\u00e7\u00e3o de ve\u00edculos el\u00e9tricos como parte de uma estrat\u00e9gia de RSE <strong>contribui para uma mudan\u00e7a cultural dentro da organiza\u00e7\u00e3o<\/strong>. Ao incorporar pr\u00e1ticas sustent\u00e1veis, como a utiliza\u00e7\u00e3o de VE, as empresas n\u00e3o est\u00e3o apenas a reduzir o seu impacto ambiental, mas tamb\u00e9m a promover uma <strong>cultura de responsabilidade e sensibiliza\u00e7\u00e3o<\/strong> entre os seus empregados. Isto pode traduzir-se num maior envolvimento dos empregados, uma maior satisfa\u00e7\u00e3o laboral e um maior alinhamento com os valores da empresa.<\/p>\n\n\n\n<p>A ado\u00e7\u00e3o de ve\u00edculos el\u00e9tricos no \u00e2mbito das estrat\u00e9gias de responsabilidade social das empresas representa, em \u00faltima an\u00e1lise, uma ferramenta poderosa para as empresas que procuram <strong>melhorar a sua imagem, reduzir o seu impacto ambiental e posicionar-se como l\u00edderes em sustentabilidade<\/strong>. Ao investir em VE, as empresas n\u00e3o est\u00e3o apenas a contribuir para um futuro mais limpo, mas tamb\u00e9m a assegurar a sua relev\u00e2ncia e competitividade num mercado cada vez mais consciente e exigente.<\/p>\n","protected":false},"excerpt":{"rendered":"<p>A sustentabilidade e a consciencializa\u00e7\u00e3o ambiental s\u00e3o cada vez mais importantes para os consumidores e investidores. Assim, a maioria das empresas j\u00e1 est\u00e1 a adotar estrat\u00e9gias que n\u00e3o s\u00f3 beneficiam os seus resultados, mas tamb\u00e9m refor\u00e7am o seu compromisso com o planeta.\u00a0 Uma das iniciativas mais eficazes neste sentido \u00e9 a incorpora\u00e7\u00e3o de ve\u00edculos el\u00e9tricos [&hellip;]<\/p>\n","protected":false},"author":1,"featured_media":20262,"comment_status":"closed","ping_status":"closed","sticky":false,"template":"","format":"standard","meta":{"_acf_changed":false,"inline_featured_image":false,"_joinchat":[],"footnotes":""},"categories":[549],"tags":[915,913,738,914,599],"class_list":["post-20369","post","type-post","status-publish","format-standard","has-post-thumbnail","hentry","category-sustentabilidade","tag-compromisso-sustentavel","tag-estrategias-de-rse","tag-movilidad-sostenible-pt","tag-responsabilidade-social-das-empresas","tag-vehiculos-electricos-pt"],"acf":[],"_links":{"self":[{"href":"https:\/\/www.soyinquieto.com\/pt\/wp-json\/wp\/v2\/posts\/20369","targetHints":{"allow":["GET"]}}],"collection":[{"href":"https:\/\/www.soyinquieto.com\/pt\/wp-json\/wp\/v2\/posts"}],"about":[{"href":"https:\/\/www.soyinquieto.com\/pt\/wp-json\/wp\/v2\/types\/post"}],"author":[{"embeddable":true,"href":"https:\/\/www.soyinquieto.com\/pt\/wp-json\/wp\/v2\/users\/1"}],"replies":[{"embeddable":true,"href":"https:\/\/www.soyinquieto.com\/pt\/wp-json\/wp\/v2\/comments?post=20369"}],"version-history":[{"count":0,"href":"https:\/\/www.soyinquieto.com\/pt\/wp-json\/wp\/v2\/posts\/20369\/revisions"}],"wp:featuredmedia":[{"embeddable":true,"href":"https:\/\/www.soyinquieto.com\/pt\/wp-json\/wp\/v2\/media\/20262"}],"wp:attachment":[{"href":"https:\/\/www.soyinquieto.com\/pt\/wp-json\/wp\/v2\/media?parent=20369"}],"wp:term":[{"taxonomy":"category","embeddable":true,"href":"https:\/\/www.soyinquieto.com\/pt\/wp-json\/wp\/v2\/categories?post=20369"},{"taxonomy":"post_tag","embeddable":true,"href":"https:\/\/www.soyinquieto.com\/pt\/wp-json\/wp\/v2\/tags?post=20369"}],"curies":[{"name":"wp","href":"https:\/\/api.w.org\/{rel}","templated":true}]}}