{"id":20510,"date":"2024-09-11T06:58:05","date_gmt":"2024-09-11T06:58:05","guid":{"rendered":"https:\/\/www.soyinquieto.com\/blog\/gijon-celebra-o-viii-congresso-europeu-da-mobilidade-electrica-e-a-primeira-edicao-da-all-electric-society\/"},"modified":"2024-09-30T10:27:06","modified_gmt":"2024-09-30T10:27:06","slug":"gijon-celebra-o-viii-congresso-europeu-da-mobilidade-electrica-e-a-primeira-edicao-da-all-electric-society","status":"publish","type":"post","link":"https:\/\/www.soyinquieto.com\/pt\/blog\/gijon-celebra-o-viii-congresso-europeu-da-mobilidade-electrica-e-a-primeira-edicao-da-all-electric-society\/","title":{"rendered":"Gij\u00f3n acolhe o VIII Congresso Europeu de Mobilidade El\u00e9trica e a primeira edi\u00e7\u00e3o da All Electric Society"},"content":{"rendered":"\n<p>Este m\u00eas de setembro, Gij\u00f3n converteu-se no centro da mobilidade el\u00e9trica na Europa ao acolher dois eventos chave no setor: o <strong>VIII Congresso Europeu de Mobilidade El\u00e9trica<\/strong> (CEVE2024) e a primeira edi\u00e7\u00e3o da <strong>Cimeira Internacional All Electric Society<\/strong>.<\/p>\n\n\n\n<p>Estes encontros, realizados na <strong>Feira Internacional de Mostras das Ast\u00farias<\/strong> (FIDMA) de 18 a 20 de setembro, foram um ponto de refer\u00eancia para profissionais, acad\u00e9micos e estudantes interessados na transforma\u00e7\u00e3o da mobilidade e na sustentabilidade urbana.<\/p>\n\n\n\n<h2 class=\"wp-block-heading\"><strong>VIII Congresso Europeu da Mobilidade El\u00e9trica: um f\u00f3rum para o futuro<\/strong><\/h2>\n\n\n\n<p>O CEVE2024, organizado pela AEDIVE, teve lugar nos dias 18 e 19 de setembro, reunindo especialistas de toda a cadeia de valor da eletromobilidade, desde fabricantes de carregadores a operadores de pontos de carregamento e empresas de servi\u00e7os. Neste f\u00f3rum foram analisadas as <strong>oportunidades e desafios atuais do setor<\/strong>, marcados pelas altera\u00e7\u00f5es regulamentares promovidas pela Comiss\u00e3o Europeia.<\/p>\n\n\n\n<p>Alguns dos temas abordados foram a<strong> implanta\u00e7\u00e3o de infraestruturas de carregamento<\/strong>, o regulamento europeu AFIR, a <strong>integra\u00e7\u00e3o do ve\u00edculo el\u00e9trico no sistema el\u00e9trico<\/strong> e a <strong>ciberseguran\u00e7a na mobilidade el\u00e9trica<\/strong>. Tamb\u00e9m foram abordados os servi\u00e7os de pagamento e a experi\u00eancia do utilizador, essenciais para refor\u00e7ar a confian\u00e7a nesta tecnologia emergente.<\/p>\n\n\n\n<h2 class=\"wp-block-heading\"><strong>Primeira edi\u00e7\u00e3o da cimeira internacional All Electric Society<\/strong><\/h2>\n\n\n\n<p>Paralelamente ao CEVE2024, decorreu nos dias 19 e 20 de setembro a primeira edi\u00e7\u00e3o da cimeira internacional All Electric Society. Organizada pela Funda\u00e7\u00e3o Universidade de Oviedo, juntamente com a C\u00e1tedra Gij\u00f3n Smart Cities e a rede internacional EduNet, esta cimeira destacou a import\u00e2ncia da prepara\u00e7\u00e3o dos profissionais para a eletrifica\u00e7\u00e3o do s\u00e9culo XXI.<\/p>\n\n\n\n<p>Com mais de 500 participantes, o evento facilitou o <strong>interc\u00e2mbio de conhecimentos<\/strong> entre l\u00edderes governamentais, especialistas em tecnologia, representantes da ind\u00fastria e o meio acad\u00e9mico. Os pain\u00e9is, mesas redondas, workshops e atividades de gamifica\u00e7\u00e3o promoveram o networking e a aprendizagem pr\u00e1tica, enquanto a \u00e1rea de exposi\u00e7\u00e3o tecnol\u00f3gica permitiu explorar inova\u00e7\u00f5es e testar ve\u00edculos el\u00e9tricos.<\/p>\n\n\n\n<h2 class=\"wp-block-heading\"><strong>Um evento que consolida Gij\u00f3n como uma refer\u00eancia na mobilidade sustent\u00e1vel<\/strong><\/h2>\n\n\n\n<p>Gra\u00e7as ao apoio da C\u00e2mara Municipal de Gij\u00f3n, do Gij\u00f3n Convention Bureau, da C\u00e2mara de Com\u00e9rcio de Gij\u00f3n e do Governo do Principado das Ast\u00farias, estes eventos posicionaram a cidade como uma <strong>refer\u00eancia na eletromobilidade e sustentabilidade<\/strong>. Al\u00e9m disso, ambos os eventos foram uma plataforma para atrair jovens talentos para as disciplinas STEM, vitais para o futuro deste setor em crescimento.<\/p>\n\n\n\n<p>O CEVE2024 e a Cimeira All Electric Society ofereceram uma oportunidade \u00fanica para impulsionar a inova\u00e7\u00e3o e a transforma\u00e7\u00e3o tecnol\u00f3gica, consolidando Gij\u00f3n como o epicentro da mobilidade el\u00e9trica e sustent\u00e1vel.<\/p>\n\n\n\n<p><\/p>\n","protected":false},"excerpt":{"rendered":"<p>Este m\u00eas de setembro, Gij\u00f3n converteu-se no centro da mobilidade el\u00e9trica na Europa ao acolher dois eventos chave no setor: o VIII Congresso Europeu de Mobilidade El\u00e9trica (CEVE2024) e a primeira edi\u00e7\u00e3o da Cimeira Internacional All Electric Society. Estes encontros, realizados na Feira Internacional de Mostras das Ast\u00farias (FIDMA) de 18 a 20 de setembro, [&hellip;]<\/p>\n","protected":false},"author":1,"featured_media":20484,"comment_status":"closed","ping_status":"closed","sticky":false,"template":"","format":"standard","meta":{"_acf_changed":false,"inline_featured_image":false,"_joinchat":[],"footnotes":""},"categories":[549],"tags":[540,840,738,599,923],"class_list":["post-20510","post","type-post","status-publish","format-standard","has-post-thumbnail","hentry","category-sustentabilidade","tag-inquieto-pt-2","tag-mobilidade-electrica-pt","tag-movilidad-sostenible-pt","tag-vehiculos-electricos-pt","tag-viii-congresso-europeu-da-mobilidade-electrica"],"acf":[],"_links":{"self":[{"href":"https:\/\/www.soyinquieto.com\/pt\/wp-json\/wp\/v2\/posts\/20510","targetHints":{"allow":["GET"]}}],"collection":[{"href":"https:\/\/www.soyinquieto.com\/pt\/wp-json\/wp\/v2\/posts"}],"about":[{"href":"https:\/\/www.soyinquieto.com\/pt\/wp-json\/wp\/v2\/types\/post"}],"author":[{"embeddable":true,"href":"https:\/\/www.soyinquieto.com\/pt\/wp-json\/wp\/v2\/users\/1"}],"replies":[{"embeddable":true,"href":"https:\/\/www.soyinquieto.com\/pt\/wp-json\/wp\/v2\/comments?post=20510"}],"version-history":[{"count":0,"href":"https:\/\/www.soyinquieto.com\/pt\/wp-json\/wp\/v2\/posts\/20510\/revisions"}],"wp:featuredmedia":[{"embeddable":true,"href":"https:\/\/www.soyinquieto.com\/pt\/wp-json\/wp\/v2\/media\/20484"}],"wp:attachment":[{"href":"https:\/\/www.soyinquieto.com\/pt\/wp-json\/wp\/v2\/media?parent=20510"}],"wp:term":[{"taxonomy":"category","embeddable":true,"href":"https:\/\/www.soyinquieto.com\/pt\/wp-json\/wp\/v2\/categories?post=20510"},{"taxonomy":"post_tag","embeddable":true,"href":"https:\/\/www.soyinquieto.com\/pt\/wp-json\/wp\/v2\/tags?post=20510"}],"curies":[{"name":"wp","href":"https:\/\/api.w.org\/{rel}","templated":true}]}}