{"id":20628,"date":"2024-10-10T07:30:12","date_gmt":"2024-10-10T07:30:12","guid":{"rendered":"https:\/\/www.soyinquieto.com\/blog\/carregamento-sem-fios-na-estrada-o-futuro-da-mobilidade-electrica\/"},"modified":"2024-10-16T08:22:45","modified_gmt":"2024-10-16T08:22:45","slug":"carregamento-sem-fios-na-estrada-o-futuro-da-mobilidade-electrica","status":"publish","type":"post","link":"https:\/\/www.soyinquieto.com\/pt\/blog\/carregamento-sem-fios-na-estrada-o-futuro-da-mobilidade-electrica\/","title":{"rendered":"Carregamento sem fios na estrada: o futuro da mobilidade el\u00e9trica"},"content":{"rendered":"\n<p>Embora nos \u00faltimos anos a tecnologia dos ve\u00edculos el\u00e9tricos (VE) tenha avan\u00e7ado rapidamente, subsistem dois dos seus maiores desafios: <strong>a autonomia limitada e a necessidade de uma infraestrutura de carregamento extensa e r\u00e1pida<\/strong>.&nbsp;<\/p>\n\n\n\n<p>Felizmente, a inova\u00e7\u00e3o no dom\u00ednio da mobilidade el\u00e9trica n\u00e3o est\u00e1 parada. E um dos desenvolvimentos mais promissores para resolver estes obst\u00e1culos \u00e9 o carregamento sem fios na estrada.<\/p>\n\n\n\n<p>J\u00e1 imaginou poder <strong>recarregar um ve\u00edculo el\u00e9trico enquanto conduz<\/strong>, sem ter de fazer longas paragens ou procurar uma esta\u00e7\u00e3o de carregamento? Esta possibilidade est\u00e1 a tornar-se cada vez mais real gra\u00e7as \u00e0 tecnologia de <strong>carregamento din\u00e2mico ou sem fios<\/strong>, que poder\u00e1 tornar-se num pilar fundamental para o futuro do transporte el\u00e9trico. Mas como funciona esta solu\u00e7\u00e3o revolucion\u00e1ria? Que impacto pode ter na mobilidade el\u00e9trica? Continue a ler!<\/p>\n\n\n\n<h2 class=\"wp-block-heading\"><strong>Como funciona o carregamento sem fios na estrada?<\/strong><\/h2>\n\n\n\n<p>O carregamento sem fios na estrada baseia-se no princ\u00edpio da <strong>indu\u00e7\u00e3o eletromagn\u00e9tica<\/strong>, uma tecnologia que j\u00e1 \u00e9 utilizada noutros dom\u00ednios, como o carregamento sem fios de dispositivos eletr\u00f3nicos. O processo \u00e9 simples no conceito, mas elaborado na implementa\u00e7\u00e3o.<\/p>\n\n\n\n<ul class=\"wp-block-list\">\n<li><strong>Infraestrutura na estrada<\/strong>: o primeiro passo para tornar poss\u00edvel o carregamento sem fios na estrada \u00e9 a instala\u00e7\u00e3o de <strong>bobinas emissoras<\/strong> <strong>debaixo do asfalto<\/strong>. Estas bobinas est\u00e3o ligadas \u00e0 rede el\u00e9trica e geram um campo eletromagn\u00e9tico quando s\u00e3o ativadas. Podem ser colocadas estrategicamente em tro\u00e7os de estradas chave, como vias r\u00e1pidas ou vias urbanas com elevado volume de tr\u00e1fego de ve\u00edculos el\u00e9tricos.<\/li>\n\n\n\n<li><strong>Tecnologia no ve\u00edculo<\/strong>: os ve\u00edculos el\u00e9tricos equipados com este sistema t\u00eam <strong>bobinas recetoras<\/strong> na parte inferior, concebidas para captar a energia transmitida pelas bobinas emissoras na estrada. Quando o ve\u00edculo passa sobre a sec\u00e7\u00e3o com bobinas emissoras, \u00e9 estabelecida uma liga\u00e7\u00e3o sem fios entre ambos e a <strong>energia \u00e9 transferida sem necessidade de fios ou fichas<\/strong>.<\/li>\n\n\n\n<li><strong>Efici\u00eancia e seguran\u00e7a<\/strong>: a transfer\u00eancia de energia \u00e9 r\u00e1pida e ocorre sem afetar outros componentes eletr\u00f3nicos do ve\u00edculo. Al\u00e9m disso, as bobinas emissoras s\u00f3 podem ser ativadas quando detetam a presen\u00e7a de um ve\u00edculo compat\u00edvel, maximizando a efici\u00eancia energ\u00e9tica e minimizando qualquer perda de eletricidade.\u00a0Algumas solu\u00e7\u00f5es j\u00e1 permitem que os ve\u00edculos recarreguem at\u00e9 <strong>50 km de autonomia em apenas 10 minutos<\/strong>, o que \u00e9 muito \u00fatil para frotas urbanas ou condutores em percursos de longa dist\u00e2ncia.<\/li>\n\n\n\n<li><strong>Carregamento din\u00e2mico em movimento<\/strong>: o aspeto mais interessante desta tecnologia \u00e9 o <strong>carregamento din\u00e2mico<\/strong>, que permite <strong>recarregar os ve\u00edculos enquanto se deslocam a velocidades at\u00e9 130 km\/h,<\/strong> sem necessidade de parar.\u00a0<\/li>\n<\/ul>\n\n\n\n<h2 class=\"wp-block-heading\"><strong>Vantagens do carregamento din\u00e2mico para a mobilidade el\u00e9trica<\/strong><\/h2>\n\n\n\n<p>Este tipo de tecnologia tem m\u00faltiplas vantagens que podem mudar o panorama do transporte el\u00e9trico:<\/p>\n\n\n\n<ul class=\"wp-block-list\">\n<li><strong>Redu\u00e7\u00e3o do tempo de paragem<\/strong>: os condutores deixariam de ter de parar nas esta\u00e7\u00f5es de carregamento para recarregar os seus ve\u00edculos, o que reduziria significativamente os tempos de espera e melhoraria a efici\u00eancia nas viagens de longa dist\u00e2ncia.<\/li>\n\n\n\n<li><strong>Otimiza\u00e7\u00e3o da infraestrutura<\/strong>: a instala\u00e7\u00e3o de sistemas de carregamento sem fios nas estradas poderia ser integrada na infraestrutura existente, reduzindo o volume de constru\u00e7\u00e3o de novas esta\u00e7\u00f5es de carregamento e diminuindo os custos operacionais.<\/li>\n\n\n\n<li><strong>Maior autonomia efetiva<\/strong>: o carregamento din\u00e2mico permite que os ve\u00edculos mantenham as suas baterias constantemente recarregadas, eliminando um dos principais obst\u00e1culos atuais \u00e0 ado\u00e7\u00e3o em massa de ve\u00edculos el\u00e9tricos.<\/li>\n<\/ul>\n\n\n\n<h3 class=\"wp-block-heading\"><strong>Impacto na sustentabilidade e economia<\/strong><\/h3>\n\n\n\n<p>Longe de beneficiar exclusivamente o transporte privado, esta tecnologia pode tamb\u00e9m ser uma ferramenta fundamental para os transportes p\u00fablicos e as <strong>frotas comerciais<\/strong>. Ao permitir o carregamento em movimento, as frotas t\u00eam a possibilidade de funcionar em cont\u00ednuo, o que <strong>aumentaria a sua efici\u00eancia operacional e reduziria o impacto ambiental<\/strong>.<\/p>\n\n\n\n<h2 class=\"wp-block-heading\"><strong>O carregamento sem fios na estrada j\u00e1 \u00e9 uma realidade<\/strong><\/h2>\n\n\n\n<p>Embora o carregamento sem fios na estrada ainda esteja em fase de desenvolvimento em muitos locais, j\u00e1 existem projetos-piloto em v\u00e1rias cidades europeias, como <strong>Sarago\u00e7a, com o projeto INCIT-EV<\/strong>, que mostram um futuro promissor. Esta tecnologia, financiada pela Comiss\u00e3o Europeia, j\u00e1 provou ser capaz de proporcionar uma <strong>solu\u00e7\u00e3o eficiente para frotas urbanas<\/strong> e espera-se que continue a evoluir para aplica\u00e7\u00f5es em ve\u00edculos privados e transportes de longa dist\u00e2ncia.<\/p>\n\n\n\n<p>H\u00e1 cada vez mais certezas de que o carregamento sem fios na estrada ser\u00e1 um pilar fundamental no futuro da mobilidade el\u00e9trica, oferecendo uma<strong> solu\u00e7\u00e3o inovadora e eficiente <\/strong>para os atuais problemas de autonomia e carregamento. Com a sua capacidade de reduzir o tempo de inatividade, melhorar a infraestrutura existente e aumentar a autonomia dos ve\u00edculos, esta tecnologia tem o potencial de <strong>transformar o setor do transporte e aproximar-nos de um futuro mais sustent\u00e1vel<\/strong>.<\/p>\n","protected":false},"excerpt":{"rendered":"<p>Embora nos \u00faltimos anos a tecnologia dos ve\u00edculos el\u00e9tricos (VE) tenha avan\u00e7ado rapidamente, subsistem dois dos seus maiores desafios: a autonomia limitada e a necessidade de uma infraestrutura de carregamento extensa e r\u00e1pida.&nbsp; Felizmente, a inova\u00e7\u00e3o no dom\u00ednio da mobilidade el\u00e9trica n\u00e3o est\u00e1 parada. E um dos desenvolvimentos mais promissores para resolver estes obst\u00e1culos \u00e9 [&hellip;]<\/p>\n","protected":false},"author":1,"featured_media":20559,"comment_status":"closed","ping_status":"closed","sticky":false,"template":"","format":"standard","meta":{"_acf_changed":false,"inline_featured_image":false,"_joinchat":[],"footnotes":""},"categories":[530],"tags":[937,936,938,939,840,738,599],"class_list":["post-20628","post","type-post","status-publish","format-standard","has-post-thumbnail","hentry","category-tecnologia-pt","tag-autonomia-electrica-pt","tag-baterias-electricas-pt","tag-carregamento-sem-fios","tag-carregamento-sem-fios-na-estrada","tag-mobilidade-electrica-pt","tag-movilidad-sostenible-pt","tag-vehiculos-electricos-pt"],"acf":[],"_links":{"self":[{"href":"https:\/\/www.soyinquieto.com\/pt\/wp-json\/wp\/v2\/posts\/20628","targetHints":{"allow":["GET"]}}],"collection":[{"href":"https:\/\/www.soyinquieto.com\/pt\/wp-json\/wp\/v2\/posts"}],"about":[{"href":"https:\/\/www.soyinquieto.com\/pt\/wp-json\/wp\/v2\/types\/post"}],"author":[{"embeddable":true,"href":"https:\/\/www.soyinquieto.com\/pt\/wp-json\/wp\/v2\/users\/1"}],"replies":[{"embeddable":true,"href":"https:\/\/www.soyinquieto.com\/pt\/wp-json\/wp\/v2\/comments?post=20628"}],"version-history":[{"count":0,"href":"https:\/\/www.soyinquieto.com\/pt\/wp-json\/wp\/v2\/posts\/20628\/revisions"}],"wp:featuredmedia":[{"embeddable":true,"href":"https:\/\/www.soyinquieto.com\/pt\/wp-json\/wp\/v2\/media\/20559"}],"wp:attachment":[{"href":"https:\/\/www.soyinquieto.com\/pt\/wp-json\/wp\/v2\/media?parent=20628"}],"wp:term":[{"taxonomy":"category","embeddable":true,"href":"https:\/\/www.soyinquieto.com\/pt\/wp-json\/wp\/v2\/categories?post=20628"},{"taxonomy":"post_tag","embeddable":true,"href":"https:\/\/www.soyinquieto.com\/pt\/wp-json\/wp\/v2\/tags?post=20628"}],"curies":[{"name":"wp","href":"https:\/\/api.w.org\/{rel}","templated":true}]}}